{"id":656,"date":"2018-12-06T08:00:46","date_gmt":"2018-12-06T07:00:46","guid":{"rendered":"http:\/\/judoclub-tarare.fr\/?p=656"},"modified":"2018-12-06T09:42:39","modified_gmt":"2018-12-06T08:42:39","slug":"telethon-2018-samuser-en-faisant-une-bonne-action","status":"publish","type":"post","link":"http:\/\/judoclub-tarare.fr\/index.php\/2018\/12\/06\/telethon-2018-samuser-en-faisant-une-bonne-action\/","title":{"rendered":"TELETHON 2018 : S&rsquo;amuser en faisant une bonne action!!!"},"content":{"rendered":"<p><img decoding=\"async\" loading=\"lazy\" class=\"wp-image-663 aligncenter\" src=\"http:\/\/judoclub-tarare.fr\/wp-content\/uploads\/2018\/11\/Capture.png\" alt=\"\" width=\"399\" height=\"611\" srcset=\"http:\/\/judoclub-tarare.fr\/wp-content\/uploads\/2018\/11\/Capture.png 603w, http:\/\/judoclub-tarare.fr\/wp-content\/uploads\/2018\/11\/Capture-196x300.png 196w\" sizes=\"(max-width: 399px) 100vw, 399px\" \/><\/p>\n<div class=\"m_4890348580623826067m_-7065261072868684107gmail-m_8289820069592810530ydpe3ea11ddyahoo-style-wrap\" style=\"text-align: center;\">Le Judo Club de Tarare participera au T\u00e9l\u00e9thon le samedi 8 d\u00e9cembre 2018.<\/div>\n<div class=\"m_4890348580623826067m_-7065261072868684107gmail-m_8289820069592810530ydpe3ea11ddyahoo-style-wrap\" style=\"text-align: center;\">A cette occasion nous accueillerons au dojo tous nos licenci\u00e9s petits et grands en kimono de 10h00 \u00e0 16h00 pour des randoris ludiques et toutes cat\u00e9gories.<\/div>\n<div class=\"m_4890348580623826067m_-7065261072868684107gmail-m_8289820069592810530ydpe3ea11ddyahoo-style-wrap\" style=\"text-align: center;\"><\/div>\n<div class=\"m_4890348580623826067m_-7065261072868684107gmail-m_8289820069592810530ydpe3ea11ddyahoo-style-wrap\" style=\"text-align: center;\">Un minimum de 1 euro vous sera demand\u00e9 par judoka \u00e0 l&rsquo;entr\u00e9e du DOJO, en faveur de l&rsquo;Association AFMTELETHON.<\/div>\n<div class=\"m_4890348580623826067m_-7065261072868684107gmail-m_8289820069592810530ydpe3ea11ddyahoo-style-wrap\" style=\"text-align: center;\">Une buvette est \u00e9galement pr\u00e9vue sur place.<\/div>\n<div class=\"m_4890348580623826067m_-7065261072868684107gmail-m_8289820069592810530ydpe3ea11ddyahoo-style-wrap\" style=\"text-align: center;\"><\/div>\n<div class=\"m_4890348580623826067m_-7065261072868684107gmail-m_8289820069592810530ydpe3ea11ddyahoo-style-wrap\" style=\"text-align: center;\">Merci par avance pour votre participation.<\/div>\n","protected":false},"excerpt":{"rendered":"<p>Le Judo Club de Tarare participera au T\u00e9l\u00e9thon le samedi 8 d\u00e9cembre 2018. A cette occasion nous accueillerons au dojo tous nos licenci\u00e9s petits et grands en kimono de 10h00 [&hellip;]<\/p>\n","protected":false},"author":4,"featured_media":663,"comment_status":"closed","ping_status":"open","sticky":false,"template":"","format":"standard","meta":{"_mi_skip_tracking":false,"_exactmetrics_sitenote_active":false,"_exactmetrics_sitenote_note":"","_exactmetrics_sitenote_category":0},"categories":[1],"tags":[],"_links":{"self":[{"href":"http:\/\/judoclub-tarare.fr\/index.php\/wp-json\/wp\/v2\/posts\/656"}],"collection":[{"href":"http:\/\/judoclub-tarare.fr\/index.php\/wp-json\/wp\/v2\/posts"}],"about":[{"href":"http:\/\/judoclub-tarare.fr\/index.php\/wp-json\/wp\/v2\/types\/post"}],"author":[{"embeddable":true,"href":"http:\/\/judoclub-tarare.fr\/index.php\/wp-json\/wp\/v2\/users\/4"}],"replies":[{"embeddable":true,"href":"http:\/\/judoclub-tarare.fr\/index.php\/wp-json\/wp\/v2\/comments?post=656"}],"version-history":[{"count":1,"href":"http:\/\/judoclub-tarare.fr\/index.php\/wp-json\/wp\/v2\/posts\/656\/revisions"}],"predecessor-version":[{"id":664,"href":"http:\/\/judoclub-tarare.fr\/index.php\/wp-json\/wp\/v2\/posts\/656\/revisions\/664"}],"wp:featuredmedia":[{"embeddable":true,"href":"http:\/\/judoclub-tarare.fr\/index.php\/wp-json\/wp\/v2\/media\/663"}],"wp:attachment":[{"href":"http:\/\/judoclub-tarare.fr\/index.php\/wp-json\/wp\/v2\/media?parent=656"}],"wp:term":[{"taxonomy":"category","embeddable":true,"href":"http:\/\/judoclub-tarare.fr\/index.php\/wp-json\/wp\/v2\/categories?post=656"},{"taxonomy":"post_tag","embeddable":true,"href":"http:\/\/judoclub-tarare.fr\/index.php\/wp-json\/wp\/v2\/tags?post=656"}],"curies":[{"name":"wp","href":"https:\/\/api.w.org\/{rel}","templated":true}]}}