{"id":545,"date":"2018-09-17T09:59:32","date_gmt":"2018-09-17T08:59:32","guid":{"rendered":"http:\/\/judoclub-tarare.fr\/?p=545"},"modified":"2018-09-17T09:59:59","modified_gmt":"2018-09-17T08:59:59","slug":"kata-jujitsu-combat","status":"publish","type":"post","link":"http:\/\/judoclub-tarare.fr\/index.php\/2018\/09\/17\/kata-jujitsu-combat\/","title":{"rendered":"Kata-Jujitsu Combat"},"content":{"rendered":"<p>Bonjour,<\/p>\n<p>Reprise du cours \u00ab\u00a0Kata-Jujitsu Combat\u00a0\u00bb anim\u00e9 par Julien ce soir de 17h45 \u00e0 19h15. (ATTENTION nouvel horaire).<\/p>\n<p>Il est r\u00e9serv\u00e9 aux judoka(te)s \u00e0 partir de 11 ans.<\/p>\n<p>Au programme : Pr\u00e9pa. Physique et technique, Kata, Jujitsu Combat.<\/p>\n<div class=\"text_exposed_show\">\n<p>N\u2019h\u00e9sitez pas \u00e0 emmener un ami ou une amie pour lui faire d\u00e9couvrir l\u2019Univers Judo.<\/p>\n<p>A ce soir!<\/p>\n<\/div>\n","protected":false},"excerpt":{"rendered":"<p>Bonjour, Reprise du cours \u00ab\u00a0Kata-Jujitsu Combat\u00a0\u00bb anim\u00e9 par Julien ce soir de 17h45 \u00e0 19h15. (ATTENTION nouvel horaire). Il est r\u00e9serv\u00e9 aux judoka(te)s \u00e0 partir de 11 ans. Au programme [&hellip;]<\/p>\n","protected":false},"author":4,"featured_media":0,"comment_status":"closed","ping_status":"open","sticky":false,"template":"","format":"standard","meta":{"_mi_skip_tracking":false,"_exactmetrics_sitenote_active":false,"_exactmetrics_sitenote_note":"","_exactmetrics_sitenote_category":0},"categories":[1],"tags":[],"_links":{"self":[{"href":"http:\/\/judoclub-tarare.fr\/index.php\/wp-json\/wp\/v2\/posts\/545"}],"collection":[{"href":"http:\/\/judoclub-tarare.fr\/index.php\/wp-json\/wp\/v2\/posts"}],"about":[{"href":"http:\/\/judoclub-tarare.fr\/index.php\/wp-json\/wp\/v2\/types\/post"}],"author":[{"embeddable":true,"href":"http:\/\/judoclub-tarare.fr\/index.php\/wp-json\/wp\/v2\/users\/4"}],"replies":[{"embeddable":true,"href":"http:\/\/judoclub-tarare.fr\/index.php\/wp-json\/wp\/v2\/comments?post=545"}],"version-history":[{"count":2,"href":"http:\/\/judoclub-tarare.fr\/index.php\/wp-json\/wp\/v2\/posts\/545\/revisions"}],"predecessor-version":[{"id":547,"href":"http:\/\/judoclub-tarare.fr\/index.php\/wp-json\/wp\/v2\/posts\/545\/revisions\/547"}],"wp:attachment":[{"href":"http:\/\/judoclub-tarare.fr\/index.php\/wp-json\/wp\/v2\/media?parent=545"}],"wp:term":[{"taxonomy":"category","embeddable":true,"href":"http:\/\/judoclub-tarare.fr\/index.php\/wp-json\/wp\/v2\/categories?post=545"},{"taxonomy":"post_tag","embeddable":true,"href":"http:\/\/judoclub-tarare.fr\/index.php\/wp-json\/wp\/v2\/tags?post=545"}],"curies":[{"name":"wp","href":"https:\/\/api.w.org\/{rel}","templated":true}]}}