{"id":392,"date":"2018-07-23T08:12:47","date_gmt":"2018-07-23T07:12:47","guid":{"rendered":"http:\/\/judoclub-tarare.fr\/?p=392"},"modified":"2018-07-23T08:12:47","modified_gmt":"2018-07-23T07:12:47","slug":"renseignements-reprise-saison-2018-2019","status":"publish","type":"post","link":"http:\/\/judoclub-tarare.fr\/index.php\/2018\/07\/23\/renseignements-reprise-saison-2018-2019\/","title":{"rendered":"RENSEIGNEMENTS REPRISE SAISON 2018\/2019"},"content":{"rendered":"<div class=\"entry-content\">\n<p><strong>Reprise :<\/strong><\/p>\n<p>Le Judo Club de Tarare est de retour pour la rentr\u00e9e 2018\/2019. Les cours reprendront le <strong>mercredi 12 septembre 2018.<\/strong><\/p>\n<p><strong>Renseignements :<br \/>\n<\/strong><\/p>\n<p>&#8211; Forum des associations le 9 septembre 2018 de 10h00 \u00e0 17h00. Salle Joseph Triomphe \u00e0 Tarare.<\/p>\n<p><strong>Inscriptions :<\/strong><\/p>\n<p>&#8211; Permanences : Lundi 10 et mardi 11 sept. 2018 de 18h00 \u00e0 19h30 au Dojo. All\u00e9e de l\u2019Europe (B\u00e2timent m\u00e9diath\u00e8que).<\/p>\n<p><em>N&rsquo;oubliez pas de consulter rapidement votre m\u00e9decin dans le but d&rsquo;obtenir un certificat m\u00e9dical pour la pratique d&rsquo;un sport en g\u00e9n\u00e9ral et plus particuli\u00e8rement du judo.<\/em><br \/>\n<em>Les m\u00e9decins g\u00e9n\u00e9ralistes sont souvent inaccessibles au mois de septembre.<\/em><\/p>\n<p><strong>Informations Compl\u00e9mentaires :<\/strong><\/p>\n<p><a href=\"http:\/\/judoclub-tarare.fr\/index.php\/tarifs\/\" target=\"_blank\" rel=\"noopener\">Les Tarifs<\/a><\/p>\n<p><a href=\"http:\/\/judoclub-tarare.fr\/index.php\/horaire\/\" target=\"_blank\" rel=\"noopener\">Les Horaires<\/a><\/p>\n<p>&nbsp;<\/p>\n<p>&nbsp;<\/p>\n<\/div>\n","protected":false},"excerpt":{"rendered":"<p>Reprise : Le Judo Club de Tarare est de retour pour la rentr\u00e9e 2018\/2019. Les cours reprendront le mercredi 12 septembre 2018. Renseignements : &#8211; Forum des associations le 9 [&hellip;]<\/p>\n","protected":false},"author":4,"featured_media":0,"comment_status":"closed","ping_status":"open","sticky":false,"template":"","format":"standard","meta":{"_mi_skip_tracking":false,"_exactmetrics_sitenote_active":false,"_exactmetrics_sitenote_note":"","_exactmetrics_sitenote_category":0},"categories":[1],"tags":[],"_links":{"self":[{"href":"http:\/\/judoclub-tarare.fr\/index.php\/wp-json\/wp\/v2\/posts\/392"}],"collection":[{"href":"http:\/\/judoclub-tarare.fr\/index.php\/wp-json\/wp\/v2\/posts"}],"about":[{"href":"http:\/\/judoclub-tarare.fr\/index.php\/wp-json\/wp\/v2\/types\/post"}],"author":[{"embeddable":true,"href":"http:\/\/judoclub-tarare.fr\/index.php\/wp-json\/wp\/v2\/users\/4"}],"replies":[{"embeddable":true,"href":"http:\/\/judoclub-tarare.fr\/index.php\/wp-json\/wp\/v2\/comments?post=392"}],"version-history":[{"count":2,"href":"http:\/\/judoclub-tarare.fr\/index.php\/wp-json\/wp\/v2\/posts\/392\/revisions"}],"predecessor-version":[{"id":395,"href":"http:\/\/judoclub-tarare.fr\/index.php\/wp-json\/wp\/v2\/posts\/392\/revisions\/395"}],"wp:attachment":[{"href":"http:\/\/judoclub-tarare.fr\/index.php\/wp-json\/wp\/v2\/media?parent=392"}],"wp:term":[{"taxonomy":"category","embeddable":true,"href":"http:\/\/judoclub-tarare.fr\/index.php\/wp-json\/wp\/v2\/categories?post=392"},{"taxonomy":"post_tag","embeddable":true,"href":"http:\/\/judoclub-tarare.fr\/index.php\/wp-json\/wp\/v2\/tags?post=392"}],"curies":[{"name":"wp","href":"https:\/\/api.w.org\/{rel}","templated":true}]}}