{"id":2693,"date":"2020-09-02T13:57:34","date_gmt":"2020-09-02T12:57:34","guid":{"rendered":"http:\/\/judoclub-tarare.fr\/?p=2693"},"modified":"2020-09-02T13:57:34","modified_gmt":"2020-09-02T12:57:34","slug":"les-consignes-sanitaires-destinees-a-tous-les-judokas","status":"publish","type":"post","link":"http:\/\/judoclub-tarare.fr\/index.php\/2020\/09\/02\/les-consignes-sanitaires-destinees-a-tous-les-judokas\/","title":{"rendered":"LES CONSIGNES SANITAIRES DESTINEES A TOUS LES JUDOKAS!"},"content":{"rendered":"\n<p>Je mets mon Judogi \u00e0 la maison; je peux porter une veste par dessus que je range dans mon sac de sport. (Les vestiaires ne sont plus accessibles pour le moment).<\/p>\n\n\n\n<p>Le port du masque est obligatoire pour les plus de 11 ans.<\/p>\n\n\n\n<p> Je viens avec une gourde individuelle, des mouchoirs et un petit sachet pour ranger mon masque.<\/p>\n\n\n\n<p>Je range mon sac de sport dans les casiers mis \u00e0 disposition en face du tatami.<\/p>\n\n\n\n<p>Je me d\u00e9sinfecte les mains et les pieds avec du gel hydro-alcoolique mis \u00e0 disposition avant et apr\u00e8s la s\u00e9ance. <\/p>\n\n\n\n<p>Merci de rapporter les masques usag\u00e9s \u00e0 la maison, il est en effet interdit de les jeter dans les poubelles du club. <\/p>\n\n\n\n<p>Bon judo \u00e0 toutes et tous<img decoding=\"async\" loading=\"lazy\" width=\"16\" height=\"16\" alt=\"&#x1f642;\" src=\"https:\/\/static.xx.fbcdn.net\/images\/emoji.php\/v9\/ta5\/1.5\/16\/1f642.png\"><\/p>\n","protected":false},"excerpt":{"rendered":"<p>Je mets mon Judogi \u00e0 la maison; je peux porter une veste par dessus que je range dans mon sac de sport. (Les vestiaires ne sont plus accessibles pour le [&hellip;]<\/p>\n","protected":false},"author":4,"featured_media":2321,"comment_status":"closed","ping_status":"open","sticky":false,"template":"","format":"standard","meta":{"_mi_skip_tracking":false,"_exactmetrics_sitenote_active":false,"_exactmetrics_sitenote_note":"","_exactmetrics_sitenote_category":0},"categories":[1],"tags":[],"_links":{"self":[{"href":"http:\/\/judoclub-tarare.fr\/index.php\/wp-json\/wp\/v2\/posts\/2693"}],"collection":[{"href":"http:\/\/judoclub-tarare.fr\/index.php\/wp-json\/wp\/v2\/posts"}],"about":[{"href":"http:\/\/judoclub-tarare.fr\/index.php\/wp-json\/wp\/v2\/types\/post"}],"author":[{"embeddable":true,"href":"http:\/\/judoclub-tarare.fr\/index.php\/wp-json\/wp\/v2\/users\/4"}],"replies":[{"embeddable":true,"href":"http:\/\/judoclub-tarare.fr\/index.php\/wp-json\/wp\/v2\/comments?post=2693"}],"version-history":[{"count":1,"href":"http:\/\/judoclub-tarare.fr\/index.php\/wp-json\/wp\/v2\/posts\/2693\/revisions"}],"predecessor-version":[{"id":2694,"href":"http:\/\/judoclub-tarare.fr\/index.php\/wp-json\/wp\/v2\/posts\/2693\/revisions\/2694"}],"wp:featuredmedia":[{"embeddable":true,"href":"http:\/\/judoclub-tarare.fr\/index.php\/wp-json\/wp\/v2\/media\/2321"}],"wp:attachment":[{"href":"http:\/\/judoclub-tarare.fr\/index.php\/wp-json\/wp\/v2\/media?parent=2693"}],"wp:term":[{"taxonomy":"category","embeddable":true,"href":"http:\/\/judoclub-tarare.fr\/index.php\/wp-json\/wp\/v2\/categories?post=2693"},{"taxonomy":"post_tag","embeddable":true,"href":"http:\/\/judoclub-tarare.fr\/index.php\/wp-json\/wp\/v2\/tags?post=2693"}],"curies":[{"name":"wp","href":"https:\/\/api.w.org\/{rel}","templated":true}]}}