{"id":2106,"date":"2020-01-12T15:30:44","date_gmt":"2020-01-12T14:30:44","guid":{"rendered":"http:\/\/judoclub-tarare.fr\/?p=2106"},"modified":"2020-01-12T16:55:31","modified_gmt":"2020-01-12T15:55:31","slug":"elementor-2106","status":"publish","type":"post","link":"http:\/\/judoclub-tarare.fr\/index.php\/2020\/01\/12\/elementor-2106\/","title":{"rendered":""},"content":{"rendered":"\t\t<div data-elementor-type=\"wp-post\" data-elementor-id=\"2106\" class=\"elementor elementor-2106\" data-elementor-settings=\"[]\">\n\t\t\t\t\t\t<div class=\"elementor-inner\">\n\t\t\t\t\t\t\t<div class=\"elementor-section-wrap\">\n\t\t\t\t\t\t\t<section class=\"elementor-section elementor-top-section elementor-element elementor-element-b6e03fc elementor-section-boxed elementor-section-height-default elementor-section-height-default\" data-id=\"b6e03fc\" data-element_type=\"section\">\n\t\t\t\t\t\t<div class=\"elementor-container elementor-column-gap-default\">\n\t\t\t\t\t\t\t<div class=\"elementor-row\">\n\t\t\t\t\t<div class=\"elementor-column elementor-col-100 elementor-top-column elementor-element elementor-element-dcd6b5d\" data-id=\"dcd6b5d\" data-element_type=\"column\">\n\t\t\t<div class=\"elementor-column-wrap elementor-element-populated\">\n\t\t\t\t\t\t\t<div class=\"elementor-widget-wrap\">\n\t\t\t\t\t\t<div class=\"elementor-element elementor-element-8623da3 elementor-position-top elementor-vertical-align-top elementor-widget elementor-widget-image-box\" data-id=\"8623da3\" data-element_type=\"widget\" data-widget_type=\"image-box.default\">\n\t\t\t\t<div class=\"elementor-widget-container\">\n\t\t\t<div class=\"elementor-image-box-wrapper\"><figure class=\"elementor-image-box-img\"><img decoding=\"async\" width=\"1200\" height=\"1600\" src=\"http:\/\/judoclub-tarare.fr\/wp-content\/uploads\/2020\/01\/IMG-20200112-WA0002.jpg\" class=\"attachment-full size-full\" alt=\"\" loading=\"lazy\" \/><\/figure><div class=\"elementor-image-box-content\"><h3 class=\"elementor-image-box-title\">CRITERIUM INDIVIDUEL BENJAMINS MASCULINS DISTRICT A<\/h3><\/div><\/div>\t\t<\/div>\n\t\t\t\t<\/div>\n\t\t\t\t\t\t<\/div>\n\t\t\t\t\t<\/div>\n\t\t<\/div>\n\t\t\t\t\t\t\t\t<\/div>\n\t\t\t\t\t<\/div>\n\t\t<\/section>\n\t\t\t\t<section class=\"elementor-section elementor-top-section elementor-element elementor-element-406c9e5 elementor-section-boxed elementor-section-height-default elementor-section-height-default\" data-id=\"406c9e5\" data-element_type=\"section\">\n\t\t\t\t\t\t<div class=\"elementor-container elementor-column-gap-default\">\n\t\t\t\t\t\t\t<div class=\"elementor-row\">\n\t\t\t\t\t<div class=\"elementor-column elementor-col-100 elementor-top-column elementor-element elementor-element-59d350f\" data-id=\"59d350f\" data-element_type=\"column\">\n\t\t\t<div class=\"elementor-column-wrap elementor-element-populated\">\n\t\t\t\t\t\t\t<div class=\"elementor-widget-wrap\">\n\t\t\t\t\t\t<div class=\"elementor-element elementor-element-f58c733 elementor-widget elementor-widget-text-editor\" data-id=\"f58c733\" data-element_type=\"widget\" data-widget_type=\"text-editor.default\">\n\t\t\t\t<div class=\"elementor-widget-container\">\n\t\t\t\t\t\t\t\t<div class=\"elementor-text-editor elementor-clearfix\">\n\t\t\t\tPas de grasse matin\u00e9e pour nos petits benjamins et coach Romain ce dimanche.\nIls participaient en effet ce matin au Crit\u00e9rium Individuel Masculins \u00e0 la Maison du Judo de Lyon.\nAbdelrezak KENIOUA effectue une tr\u00e8s belle comp\u00e9tition (3v.\/1d.) et monte sur la 3<sup>\u00e8me<\/sup> marche du podium. Bravo!!!\nBeau parcours \u00e9galement pour Romain DOVIS qui termine \u00e0 la 5<sup>\u00e8me<\/sup> place (3 v.\/2 d.) apr\u00e8s s\u2019\u00eatre inclin\u00e9 malheureusement en place de 3.\nLa comp\u00e9tition a \u00e9t\u00e9 plus compliqu\u00e9e pour Loan MAACHI qui avec 2 d\u00e9faites ne s\u2019est pas qualifi\u00e9 pour la suite mais qui a fait preuve de combattivit\u00e9 et d\u2019un bel \u00e9tat d\u2019esprit.\nF\u00e9licitations \u00e0 tous les 3\u00a0!!!\nProchain rendez vous le 22 f\u00e9vrier pour la Coupe D\u00e9partementale du Rh\u00f4ne qui se d\u00e9roulera \u00e9galement \u00e0 La Maison du Judo de Lyon.\t\t\t\t\t<\/div>\n\t\t\t\t\t\t<\/div>\n\t\t\t\t<\/div>\n\t\t\t\t\t\t<\/div>\n\t\t\t\t\t<\/div>\n\t\t<\/div>\n\t\t\t\t\t\t\t\t<\/div>\n\t\t\t\t\t<\/div>\n\t\t<\/section>\n\t\t\t\t<section class=\"elementor-section elementor-top-section elementor-element elementor-element-2de669f elementor-section-boxed elementor-section-height-default elementor-section-height-default\" data-id=\"2de669f\" data-element_type=\"section\">\n\t\t\t\t\t\t<div class=\"elementor-container elementor-column-gap-default\">\n\t\t\t\t\t\t\t<div class=\"elementor-row\">\n\t\t\t\t\t<div class=\"elementor-column elementor-col-100 elementor-top-column elementor-element elementor-element-8ef0985\" data-id=\"8ef0985\" data-element_type=\"column\">\n\t\t\t<div class=\"elementor-column-wrap elementor-element-populated\">\n\t\t\t\t\t\t\t<div class=\"elementor-widget-wrap\">\n\t\t\t\t\t\t<div class=\"elementor-element elementor-element-663c719 elementor-widget elementor-widget-image-gallery\" data-id=\"663c719\" data-element_type=\"widget\" data-widget_type=\"image-gallery.default\">\n\t\t\t\t<div class=\"elementor-widget-container\">\n\t\t\t\t\t<div class=\"elementor-image-gallery\">\n\t\t\t\n\t\t<style type=\"text\/css\">\n\t\t\t#gallery-1 {\n\t\t\t\tmargin: auto;\n\t\t\t}\n\t\t\t#gallery-1 .gallery-item {\n\t\t\t\tfloat: left;\n\t\t\t\tmargin-top: 10px;\n\t\t\t\ttext-align: center;\n\t\t\t\twidth: 25%;\n\t\t\t}\n\t\t\t#gallery-1 img {\n\t\t\t\tborder: 2px solid #cfcfcf;\n\t\t\t}\n\t\t\t#gallery-1 .gallery-caption {\n\t\t\t\tmargin-left: 0;\n\t\t\t}\n\t\t\t\/* see gallery_shortcode() in wp-includes\/media.php *\/\n\t\t<\/style>\n\t\t<div id='gallery-1' class='gallery galleryid-2106 gallery-columns-4 gallery-size-thumbnail'><dl class='gallery-item'>\n\t\t\t<dt class='gallery-icon portrait'>\n\t\t\t\t<a data-elementor-open-lightbox=\"yes\" data-elementor-lightbox-slideshow=\"663c719\" data-elementor-lightbox-title=\"IMG-20200112-WA0002\" href='http:\/\/judoclub-tarare.fr\/wp-content\/uploads\/2020\/01\/IMG-20200112-WA0002.jpg'><img width=\"150\" height=\"150\" src=\"http:\/\/judoclub-tarare.fr\/wp-content\/uploads\/2020\/01\/IMG-20200112-WA0002-150x150.jpg\" class=\"attachment-thumbnail size-thumbnail\" alt=\"\" decoding=\"async\" loading=\"lazy\" srcset=\"http:\/\/judoclub-tarare.fr\/wp-content\/uploads\/2020\/01\/IMG-20200112-WA0002-150x150.jpg 150w, http:\/\/judoclub-tarare.fr\/wp-content\/uploads\/2020\/01\/IMG-20200112-WA0002-1200x1200.jpg 1200w, http:\/\/judoclub-tarare.fr\/wp-content\/uploads\/2020\/01\/IMG-20200112-WA0002-100x100.jpg 100w\" sizes=\"(max-width: 150px) 100vw, 150px\" \/><\/a>\n\t\t\t<\/dt><\/dl><dl class='gallery-item'>\n\t\t\t<dt class='gallery-icon landscape'>\n\t\t\t\t<a data-elementor-open-lightbox=\"yes\" data-elementor-lightbox-slideshow=\"663c719\" data-elementor-lightbox-title=\"IMG-20200112-WA0005\" href='http:\/\/judoclub-tarare.fr\/wp-content\/uploads\/2020\/01\/IMG-20200112-WA0005.jpg'><img width=\"150\" height=\"150\" src=\"http:\/\/judoclub-tarare.fr\/wp-content\/uploads\/2020\/01\/IMG-20200112-WA0005-150x150.jpg\" class=\"attachment-thumbnail size-thumbnail\" alt=\"\" decoding=\"async\" loading=\"lazy\" srcset=\"http:\/\/judoclub-tarare.fr\/wp-content\/uploads\/2020\/01\/IMG-20200112-WA0005-150x150.jpg 150w, http:\/\/judoclub-tarare.fr\/wp-content\/uploads\/2020\/01\/IMG-20200112-WA0005-100x100.jpg 100w\" sizes=\"(max-width: 150px) 100vw, 150px\" \/><\/a>\n\t\t\t<\/dt><\/dl><dl class='gallery-item'>\n\t\t\t<dt class='gallery-icon landscape'>\n\t\t\t\t<a data-elementor-open-lightbox=\"yes\" data-elementor-lightbox-slideshow=\"663c719\" data-elementor-lightbox-title=\"IMG-20200112-WA0007\" href='http:\/\/judoclub-tarare.fr\/wp-content\/uploads\/2020\/01\/IMG-20200112-WA0007.jpg'><img width=\"150\" height=\"150\" src=\"http:\/\/judoclub-tarare.fr\/wp-content\/uploads\/2020\/01\/IMG-20200112-WA0007-150x150.jpg\" class=\"attachment-thumbnail size-thumbnail\" alt=\"\" decoding=\"async\" loading=\"lazy\" srcset=\"http:\/\/judoclub-tarare.fr\/wp-content\/uploads\/2020\/01\/IMG-20200112-WA0007-150x150.jpg 150w, http:\/\/judoclub-tarare.fr\/wp-content\/uploads\/2020\/01\/IMG-20200112-WA0007-100x100.jpg 100w\" sizes=\"(max-width: 150px) 100vw, 150px\" \/><\/a>\n\t\t\t<\/dt><\/dl>\n\t\t\t<br style='clear: both' \/>\n\t\t<\/div>\n\t\t<\/div>\n\t\t\t\t<\/div>\n\t\t\t\t<\/div>\n\t\t\t\t\t\t<\/div>\n\t\t\t\t\t<\/div>\n\t\t<\/div>\n\t\t\t\t\t\t\t\t<\/div>\n\t\t\t\t\t<\/div>\n\t\t<\/section>\n\t\t\t\t\t\t<\/div>\n\t\t\t\t\t\t<\/div>\n\t\t\t\t\t<\/div>\n\t\t","protected":false},"excerpt":{"rendered":"<p>CRITERIUM INDIVIDUEL BENJAMINS MASCULINS DISTRICT A Pas de grasse matin\u00e9e pour nos petits benjamins et coach Romain ce dimanche. Ils participaient en effet ce matin au Crit\u00e9rium Individuel Masculins \u00e0 [&hellip;]<\/p>\n","protected":false},"author":4,"featured_media":0,"comment_status":"closed","ping_status":"open","sticky":false,"template":"","format":"standard","meta":{"_mi_skip_tracking":false,"_exactmetrics_sitenote_active":false,"_exactmetrics_sitenote_note":"","_exactmetrics_sitenote_category":0},"categories":[1],"tags":[],"_links":{"self":[{"href":"http:\/\/judoclub-tarare.fr\/index.php\/wp-json\/wp\/v2\/posts\/2106"}],"collection":[{"href":"http:\/\/judoclub-tarare.fr\/index.php\/wp-json\/wp\/v2\/posts"}],"about":[{"href":"http:\/\/judoclub-tarare.fr\/index.php\/wp-json\/wp\/v2\/types\/post"}],"author":[{"embeddable":true,"href":"http:\/\/judoclub-tarare.fr\/index.php\/wp-json\/wp\/v2\/users\/4"}],"replies":[{"embeddable":true,"href":"http:\/\/judoclub-tarare.fr\/index.php\/wp-json\/wp\/v2\/comments?post=2106"}],"version-history":[{"count":6,"href":"http:\/\/judoclub-tarare.fr\/index.php\/wp-json\/wp\/v2\/posts\/2106\/revisions"}],"predecessor-version":[{"id":2120,"href":"http:\/\/judoclub-tarare.fr\/index.php\/wp-json\/wp\/v2\/posts\/2106\/revisions\/2120"}],"wp:attachment":[{"href":"http:\/\/judoclub-tarare.fr\/index.php\/wp-json\/wp\/v2\/media?parent=2106"}],"wp:term":[{"taxonomy":"category","embeddable":true,"href":"http:\/\/judoclub-tarare.fr\/index.php\/wp-json\/wp\/v2\/categories?post=2106"},{"taxonomy":"post_tag","embeddable":true,"href":"http:\/\/judoclub-tarare.fr\/index.php\/wp-json\/wp\/v2\/tags?post=2106"}],"curies":[{"name":"wp","href":"https:\/\/api.w.org\/{rel}","templated":true}]}}