{"id":2006,"date":"2019-11-23T11:16:24","date_gmt":"2019-11-23T10:16:24","guid":{"rendered":"http:\/\/judoclub-tarare.fr\/?p=2006"},"modified":"2019-11-25T11:28:54","modified_gmt":"2019-11-25T10:28:54","slug":"de-largent-et-des-regrets","status":"publish","type":"post","link":"http:\/\/judoclub-tarare.fr\/index.php\/2019\/11\/23\/de-largent-et-des-regrets\/","title":{"rendered":"DE L&rsquo;ARGENT&#8230;&#8230;.ET DES REGRETS"},"content":{"rendered":"\t\t<div data-elementor-type=\"wp-post\" data-elementor-id=\"2006\" class=\"elementor elementor-2006\" data-elementor-settings=\"[]\">\n\t\t\t\t\t\t<div class=\"elementor-inner\">\n\t\t\t\t\t\t\t<div class=\"elementor-section-wrap\">\n\t\t\t\t\t\t\t<section class=\"elementor-section elementor-top-section elementor-element elementor-element-681215e elementor-section-boxed elementor-section-height-default elementor-section-height-default\" data-id=\"681215e\" data-element_type=\"section\">\n\t\t\t\t\t\t<div class=\"elementor-container elementor-column-gap-default\">\n\t\t\t\t\t\t\t<div class=\"elementor-row\">\n\t\t\t\t\t<div class=\"elementor-column elementor-col-100 elementor-top-column elementor-element elementor-element-c0e1a17\" data-id=\"c0e1a17\" data-element_type=\"column\">\n\t\t\t<div class=\"elementor-column-wrap elementor-element-populated\">\n\t\t\t\t\t\t\t<div class=\"elementor-widget-wrap\">\n\t\t\t\t\t\t<div class=\"elementor-element elementor-element-e458cd1 elementor-widget elementor-widget-image-gallery\" data-id=\"e458cd1\" data-element_type=\"widget\" data-widget_type=\"image-gallery.default\">\n\t\t\t\t<div class=\"elementor-widget-container\">\n\t\t\t\t\t<div class=\"elementor-image-gallery\">\n\t\t\t\n\t\t<style type=\"text\/css\">\n\t\t\t#gallery-1 {\n\t\t\t\tmargin: auto;\n\t\t\t}\n\t\t\t#gallery-1 .gallery-item {\n\t\t\t\tfloat: left;\n\t\t\t\tmargin-top: 10px;\n\t\t\t\ttext-align: center;\n\t\t\t\twidth: 25%;\n\t\t\t}\n\t\t\t#gallery-1 img {\n\t\t\t\tborder: 2px solid #cfcfcf;\n\t\t\t}\n\t\t\t#gallery-1 .gallery-caption {\n\t\t\t\tmargin-left: 0;\n\t\t\t}\n\t\t\t\/* see gallery_shortcode() in wp-includes\/media.php *\/\n\t\t<\/style>\n\t\t<div id='gallery-1' class='gallery galleryid-2006 gallery-columns-4 gallery-size-thumbnail'><dl class='gallery-item'>\n\t\t\t<dt class='gallery-icon landscape'>\n\t\t\t\t<a data-elementor-open-lightbox=\"yes\" data-elementor-lightbox-slideshow=\"e458cd1\" data-elementor-lightbox-title=\"IMG_4326\" href='http:\/\/judoclub-tarare.fr\/wp-content\/uploads\/2019\/11\/IMG_4326.jpg'><img width=\"150\" height=\"150\" src=\"http:\/\/judoclub-tarare.fr\/wp-content\/uploads\/2019\/11\/IMG_4326-150x150.jpg\" class=\"attachment-thumbnail size-thumbnail\" alt=\"\" decoding=\"async\" loading=\"lazy\" srcset=\"http:\/\/judoclub-tarare.fr\/wp-content\/uploads\/2019\/11\/IMG_4326-150x150.jpg 150w, http:\/\/judoclub-tarare.fr\/wp-content\/uploads\/2019\/11\/IMG_4326-100x100.jpg 100w\" sizes=\"(max-width: 150px) 100vw, 150px\" \/><\/a>\n\t\t\t<\/dt><\/dl><dl class='gallery-item'>\n\t\t\t<dt class='gallery-icon landscape'>\n\t\t\t\t<a data-elementor-open-lightbox=\"yes\" data-elementor-lightbox-slideshow=\"e458cd1\" data-elementor-lightbox-title=\"IMG-20191123-WA0004\" href='http:\/\/judoclub-tarare.fr\/wp-content\/uploads\/2019\/11\/IMG-20191123-WA0004.jpg'><img width=\"150\" height=\"150\" src=\"http:\/\/judoclub-tarare.fr\/wp-content\/uploads\/2019\/11\/IMG-20191123-WA0004-150x150.jpg\" class=\"attachment-thumbnail size-thumbnail\" alt=\"\" decoding=\"async\" loading=\"lazy\" srcset=\"http:\/\/judoclub-tarare.fr\/wp-content\/uploads\/2019\/11\/IMG-20191123-WA0004-150x150.jpg 150w, http:\/\/judoclub-tarare.fr\/wp-content\/uploads\/2019\/11\/IMG-20191123-WA0004-100x100.jpg 100w\" sizes=\"(max-width: 150px) 100vw, 150px\" \/><\/a>\n\t\t\t<\/dt><\/dl><dl class='gallery-item'>\n\t\t\t<dt class='gallery-icon landscape'>\n\t\t\t\t<a data-elementor-open-lightbox=\"yes\" data-elementor-lightbox-slideshow=\"e458cd1\" data-elementor-lightbox-title=\"IMG-20191123-WA0003\" href='http:\/\/judoclub-tarare.fr\/wp-content\/uploads\/2019\/11\/IMG-20191123-WA0003.jpg'><img width=\"150\" height=\"150\" src=\"http:\/\/judoclub-tarare.fr\/wp-content\/uploads\/2019\/11\/IMG-20191123-WA0003-150x150.jpg\" class=\"attachment-thumbnail size-thumbnail\" alt=\"\" decoding=\"async\" loading=\"lazy\" srcset=\"http:\/\/judoclub-tarare.fr\/wp-content\/uploads\/2019\/11\/IMG-20191123-WA0003-150x150.jpg 150w, http:\/\/judoclub-tarare.fr\/wp-content\/uploads\/2019\/11\/IMG-20191123-WA0003-100x100.jpg 100w\" sizes=\"(max-width: 150px) 100vw, 150px\" \/><\/a>\n\t\t\t<\/dt><\/dl>\n\t\t\t<br style='clear: both' \/>\n\t\t<\/div>\n\t\t<\/div>\n\t\t\t\t<\/div>\n\t\t\t\t<\/div>\n\t\t\t\t<div class=\"elementor-element elementor-element-e5cdce6 elementor-widget elementor-widget-text-editor\" data-id=\"e5cdce6\" data-element_type=\"widget\" data-widget_type=\"text-editor.default\">\n\t\t\t\t<div class=\"elementor-widget-container\">\n\t\t\t\t\t\t\t\t<div class=\"elementor-text-editor elementor-clearfix\">\n\t\t\t\t<p>Ce samedi Xavier Goubet participait au 12\u00e8me Tournoi Masters V\u00e9t\u00e9rans de Fontaine (Is\u00e8re) -Label A-\u2026. Apr\u00e8s deux premiers combats ma\u00eetris\u00e9s il s\u2019incline dans le troisi\u00e8me et grimpe sur la deuxi\u00e8me marche du podium.<\/p><p>Dans le m\u00eame temps \u00e0 la maison du Judo de Lyon les minimes du club combattaient \u00e0 l\u2019occasion des Districts, qualificatifs pour le championnat du Rh\u00f4ne.<\/p><p>La journ\u00e9e a \u00e9t\u00e9 difficile pour nos 4 jeunes repr\u00e9sentants.<\/p><p>Seul Tim\u00e9o Cardront se qualifie en se classant 7\u00e8me (dans un tableau de 30 combattants). Surpris au premier combat il gagne ensuite les deux suivants par Ippon et perd le dernier dans les derni\u00e8res secondes.<\/p><p>Chris Durdilly apr\u00e8s un premier combat gagn\u00e9 par Ippon, perd les deux suivants malgr\u00e9 une bonne agressivit\u00e9.<\/p><p>Maxime Chambe perd ses deux combats, le premier sur d\u00e9cision (pas vraiment justifi\u00e9e) et le second dans les derni\u00e8res secondes.<\/p><p>Math\u00e9o Magron Chaussat Becker perd ses deux combats.<\/p><p>Ne pas baisser les bras malgr\u00e9 la d\u00e9ception, avoir un peu plus confiance en soi. Avec le travail s\u00e9rieux fourni aux entra\u00eenements cela devrait finir par payer.<\/p><p>Prochain rendez-vous le samedi 7 d\u00e9cembre \u00e0 l\u2019Open de Riorges avec les Cadet(te)s.<\/p>\t\t\t\t\t<\/div>\n\t\t\t\t\t\t<\/div>\n\t\t\t\t<\/div>\n\t\t\t\t\t\t<\/div>\n\t\t\t\t\t<\/div>\n\t\t<\/div>\n\t\t\t\t\t\t\t\t<\/div>\n\t\t\t\t\t<\/div>\n\t\t<\/section>\n\t\t\t\t<section class=\"elementor-section elementor-top-section elementor-element elementor-element-f57d0b1 elementor-section-boxed elementor-section-height-default elementor-section-height-default\" data-id=\"f57d0b1\" data-element_type=\"section\">\n\t\t\t\t\t\t<div class=\"elementor-container elementor-column-gap-default\">\n\t\t\t\t\t\t\t<div class=\"elementor-row\">\n\t\t\t\t\t<div class=\"elementor-column elementor-col-100 elementor-top-column elementor-element elementor-element-4b811e7\" data-id=\"4b811e7\" data-element_type=\"column\">\n\t\t\t<div class=\"elementor-column-wrap\">\n\t\t\t\t\t\t\t<div class=\"elementor-widget-wrap\">\n\t\t\t\t\t\t\t\t<\/div>\n\t\t\t\t\t<\/div>\n\t\t<\/div>\n\t\t\t\t\t\t\t\t<\/div>\n\t\t\t\t\t<\/div>\n\t\t<\/section>\n\t\t\t\t\t\t<\/div>\n\t\t\t\t\t\t<\/div>\n\t\t\t\t\t<\/div>\n\t\t","protected":false},"excerpt":{"rendered":"<p>Ce samedi Xavier Goubet participait au 12\u00e8me Tournoi Masters V\u00e9t\u00e9rans de Fontaine (Is\u00e8re) -Label A-\u2026. Apr\u00e8s deux premiers combats ma\u00eetris\u00e9s il s\u2019incline dans le troisi\u00e8me et grimpe sur la deuxi\u00e8me [&hellip;]<\/p>\n","protected":false},"author":4,"featured_media":0,"comment_status":"closed","ping_status":"open","sticky":false,"template":"","format":"standard","meta":{"_mi_skip_tracking":false,"_exactmetrics_sitenote_active":false,"_exactmetrics_sitenote_note":"","_exactmetrics_sitenote_category":0},"categories":[1],"tags":[],"_links":{"self":[{"href":"http:\/\/judoclub-tarare.fr\/index.php\/wp-json\/wp\/v2\/posts\/2006"}],"collection":[{"href":"http:\/\/judoclub-tarare.fr\/index.php\/wp-json\/wp\/v2\/posts"}],"about":[{"href":"http:\/\/judoclub-tarare.fr\/index.php\/wp-json\/wp\/v2\/types\/post"}],"author":[{"embeddable":true,"href":"http:\/\/judoclub-tarare.fr\/index.php\/wp-json\/wp\/v2\/users\/4"}],"replies":[{"embeddable":true,"href":"http:\/\/judoclub-tarare.fr\/index.php\/wp-json\/wp\/v2\/comments?post=2006"}],"version-history":[{"count":8,"href":"http:\/\/judoclub-tarare.fr\/index.php\/wp-json\/wp\/v2\/posts\/2006\/revisions"}],"predecessor-version":[{"id":2017,"href":"http:\/\/judoclub-tarare.fr\/index.php\/wp-json\/wp\/v2\/posts\/2006\/revisions\/2017"}],"wp:attachment":[{"href":"http:\/\/judoclub-tarare.fr\/index.php\/wp-json\/wp\/v2\/media?parent=2006"}],"wp:term":[{"taxonomy":"category","embeddable":true,"href":"http:\/\/judoclub-tarare.fr\/index.php\/wp-json\/wp\/v2\/categories?post=2006"},{"taxonomy":"post_tag","embeddable":true,"href":"http:\/\/judoclub-tarare.fr\/index.php\/wp-json\/wp\/v2\/tags?post=2006"}],"curies":[{"name":"wp","href":"https:\/\/api.w.org\/{rel}","templated":true}]}}