{"id":1983,"date":"2019-11-17T09:22:18","date_gmt":"2019-11-17T08:22:18","guid":{"rendered":"http:\/\/judoclub-tarare.fr\/?p=1983"},"modified":"2019-11-17T09:26:54","modified_gmt":"2019-11-17T08:26:54","slug":"tournoi-inter-club-du-dojo-riorgeois","status":"publish","type":"post","link":"http:\/\/judoclub-tarare.fr\/index.php\/2019\/11\/17\/tournoi-inter-club-du-dojo-riorgeois\/","title":{"rendered":"TOURNOI INTER-CLUB DU DOJO RIORGEOIS"},"content":{"rendered":"\t\t<div data-elementor-type=\"wp-post\" data-elementor-id=\"1983\" class=\"elementor elementor-1983\" data-elementor-settings=\"[]\">\n\t\t\t\t\t\t<div class=\"elementor-inner\">\n\t\t\t\t\t\t\t<div class=\"elementor-section-wrap\">\n\t\t\t\t\t\t\t<section class=\"elementor-section elementor-top-section elementor-element elementor-element-4953e0f elementor-section-boxed elementor-section-height-default elementor-section-height-default\" data-id=\"4953e0f\" data-element_type=\"section\">\n\t\t\t\t\t\t<div class=\"elementor-container elementor-column-gap-default\">\n\t\t\t\t\t\t\t<div class=\"elementor-row\">\n\t\t\t\t\t<div class=\"elementor-column elementor-col-100 elementor-top-column elementor-element elementor-element-95ca9be\" data-id=\"95ca9be\" data-element_type=\"column\">\n\t\t\t<div class=\"elementor-column-wrap elementor-element-populated\">\n\t\t\t\t\t\t\t<div class=\"elementor-widget-wrap\">\n\t\t\t\t\t\t<div class=\"elementor-element elementor-element-bd955e0 elementor-widget elementor-widget-text-editor\" data-id=\"bd955e0\" data-element_type=\"widget\" data-widget_type=\"text-editor.default\">\n\t\t\t\t<div class=\"elementor-widget-container\">\n\t\t\t\t\t\t\t\t<div class=\"elementor-text-editor elementor-clearfix\">\n\t\t\t\t<p>Ce samedi \u00e0 Riorges -42- se d\u00e9roulait \u00e0 l\u2019occasion de l\u2019Inter-Club du Dojo Riorgeois\u00a0 la premi\u00e8re comp\u00e9tition de la saison pour nos mini-poussins et poussins.<\/p><p><span style=\"text-decoration: underline;\">Mini-Poussin(e)s\u00a0:<\/span><\/p><p><strong>Nino Cherblanc Girau<\/strong> <img decoding=\"async\" loading=\"lazy\" class=\"alignnone wp-image-1985\" src=\"http:\/\/judoclub-tarare.fr\/wp-content\/uploads\/2019\/11\/b68dcb1470282946b4a1500326bd15f9.jpg\" alt=\"\" width=\"21\" height=\"21\" srcset=\"http:\/\/judoclub-tarare.fr\/wp-content\/uploads\/2019\/11\/b68dcb1470282946b4a1500326bd15f9.jpg 650w, http:\/\/judoclub-tarare.fr\/wp-content\/uploads\/2019\/11\/b68dcb1470282946b4a1500326bd15f9-150x150.jpg 150w, http:\/\/judoclub-tarare.fr\/wp-content\/uploads\/2019\/11\/b68dcb1470282946b4a1500326bd15f9-300x300.jpg 300w, http:\/\/judoclub-tarare.fr\/wp-content\/uploads\/2019\/11\/b68dcb1470282946b4a1500326bd15f9-100x100.jpg 100w\" sizes=\"(max-width: 21px) 100vw, 21px\" \/>et <strong>L\u00e9on Court<\/strong> <img decoding=\"async\" loading=\"lazy\" class=\"alignnone wp-image-1985\" src=\"http:\/\/judoclub-tarare.fr\/wp-content\/uploads\/2019\/11\/b68dcb1470282946b4a1500326bd15f9.jpg\" alt=\"\" width=\"21\" height=\"21\" srcset=\"http:\/\/judoclub-tarare.fr\/wp-content\/uploads\/2019\/11\/b68dcb1470282946b4a1500326bd15f9.jpg 650w, http:\/\/judoclub-tarare.fr\/wp-content\/uploads\/2019\/11\/b68dcb1470282946b4a1500326bd15f9-150x150.jpg 150w, http:\/\/judoclub-tarare.fr\/wp-content\/uploads\/2019\/11\/b68dcb1470282946b4a1500326bd15f9-300x300.jpg 300w, http:\/\/judoclub-tarare.fr\/wp-content\/uploads\/2019\/11\/b68dcb1470282946b4a1500326bd15f9-100x100.jpg 100w\" sizes=\"(max-width: 21px) 100vw, 21px\" \/>montent tous deux sur la plus haute marche du podium et <strong>Melinda Bongrain<\/strong><img decoding=\"async\" loading=\"lazy\" class=\"alignnone wp-image-1987\" src=\"http:\/\/judoclub-tarare.fr\/wp-content\/uploads\/2019\/11\/m\u00e9daille-isol\u00e9-bronze-dessin_csp1895644.jpg\" alt=\"\" width=\"22\" height=\"28\" srcset=\"http:\/\/judoclub-tarare.fr\/wp-content\/uploads\/2019\/11\/m\u00e9daille-isol\u00e9-bronze-dessin_csp1895644.jpg 375w, http:\/\/judoclub-tarare.fr\/wp-content\/uploads\/2019\/11\/m\u00e9daille-isol\u00e9-bronze-dessin_csp1895644-239x300.jpg 239w\" sizes=\"(max-width: 22px) 100vw, 22px\" \/> remporte la m\u00e9daille de bronze.<\/p><p><span style=\"text-decoration: underline;\">Poussin(e)s\u00a0:<\/span><\/p><p><strong>Lounes Berraho<img decoding=\"async\" loading=\"lazy\" class=\"alignnone wp-image-1985\" src=\"http:\/\/judoclub-tarare.fr\/wp-content\/uploads\/2019\/11\/b68dcb1470282946b4a1500326bd15f9.jpg\" alt=\"\" width=\"21\" height=\"21\" srcset=\"http:\/\/judoclub-tarare.fr\/wp-content\/uploads\/2019\/11\/b68dcb1470282946b4a1500326bd15f9.jpg 650w, http:\/\/judoclub-tarare.fr\/wp-content\/uploads\/2019\/11\/b68dcb1470282946b4a1500326bd15f9-150x150.jpg 150w, http:\/\/judoclub-tarare.fr\/wp-content\/uploads\/2019\/11\/b68dcb1470282946b4a1500326bd15f9-300x300.jpg 300w, http:\/\/judoclub-tarare.fr\/wp-content\/uploads\/2019\/11\/b68dcb1470282946b4a1500326bd15f9-100x100.jpg 100w\" sizes=\"(max-width: 21px) 100vw, 21px\" \/><\/strong> et <strong>Eliot Petit<img decoding=\"async\" loading=\"lazy\" class=\"alignnone wp-image-1985\" src=\"http:\/\/judoclub-tarare.fr\/wp-content\/uploads\/2019\/11\/b68dcb1470282946b4a1500326bd15f9.jpg\" alt=\"\" width=\"21\" height=\"21\" srcset=\"http:\/\/judoclub-tarare.fr\/wp-content\/uploads\/2019\/11\/b68dcb1470282946b4a1500326bd15f9.jpg 650w, http:\/\/judoclub-tarare.fr\/wp-content\/uploads\/2019\/11\/b68dcb1470282946b4a1500326bd15f9-150x150.jpg 150w, http:\/\/judoclub-tarare.fr\/wp-content\/uploads\/2019\/11\/b68dcb1470282946b4a1500326bd15f9-300x300.jpg 300w, http:\/\/judoclub-tarare.fr\/wp-content\/uploads\/2019\/11\/b68dcb1470282946b4a1500326bd15f9-100x100.jpg 100w\" sizes=\"(max-width: 21px) 100vw, 21px\" \/><\/strong> terminent \u00e0 la 1<sup>\u00e8re<\/sup> place. <strong>Krystal Minguy<\/strong><img decoding=\"async\" loading=\"lazy\" class=\" wp-image-1988\" src=\"http:\/\/judoclub-tarare.fr\/wp-content\/uploads\/2019\/11\/m\u00e9daille-dargent-1024x1024.jpg\" alt=\"\" width=\"30\" height=\"30\" srcset=\"http:\/\/judoclub-tarare.fr\/wp-content\/uploads\/2019\/11\/m\u00e9daille-dargent-1024x1024.jpg 1024w, http:\/\/judoclub-tarare.fr\/wp-content\/uploads\/2019\/11\/m\u00e9daille-dargent-150x150.jpg 150w, http:\/\/judoclub-tarare.fr\/wp-content\/uploads\/2019\/11\/m\u00e9daille-dargent-300x300.jpg 300w, http:\/\/judoclub-tarare.fr\/wp-content\/uploads\/2019\/11\/m\u00e9daille-dargent-768x768.jpg 768w, http:\/\/judoclub-tarare.fr\/wp-content\/uploads\/2019\/11\/m\u00e9daille-dargent-100x100.jpg 100w, http:\/\/judoclub-tarare.fr\/wp-content\/uploads\/2019\/11\/m\u00e9daille-dargent.jpg 1300w\" sizes=\"(max-width: 30px) 100vw, 30px\" \/>, <strong>Hugo Patris<img decoding=\"async\" loading=\"lazy\" class=\" wp-image-1988\" src=\"http:\/\/judoclub-tarare.fr\/wp-content\/uploads\/2019\/11\/m\u00e9daille-dargent-1024x1024.jpg\" alt=\"\" width=\"30\" height=\"30\" srcset=\"http:\/\/judoclub-tarare.fr\/wp-content\/uploads\/2019\/11\/m\u00e9daille-dargent-1024x1024.jpg 1024w, http:\/\/judoclub-tarare.fr\/wp-content\/uploads\/2019\/11\/m\u00e9daille-dargent-150x150.jpg 150w, http:\/\/judoclub-tarare.fr\/wp-content\/uploads\/2019\/11\/m\u00e9daille-dargent-300x300.jpg 300w, http:\/\/judoclub-tarare.fr\/wp-content\/uploads\/2019\/11\/m\u00e9daille-dargent-768x768.jpg 768w, http:\/\/judoclub-tarare.fr\/wp-content\/uploads\/2019\/11\/m\u00e9daille-dargent-100x100.jpg 100w, http:\/\/judoclub-tarare.fr\/wp-content\/uploads\/2019\/11\/m\u00e9daille-dargent.jpg 1300w\" sizes=\"(max-width: 30px) 100vw, 30px\" \/><\/strong> et <strong>Jawad Larbi<\/strong> <img decoding=\"async\" loading=\"lazy\" class=\" wp-image-1988\" src=\"http:\/\/judoclub-tarare.fr\/wp-content\/uploads\/2019\/11\/m\u00e9daille-dargent-1024x1024.jpg\" alt=\"\" width=\"30\" height=\"30\" srcset=\"http:\/\/judoclub-tarare.fr\/wp-content\/uploads\/2019\/11\/m\u00e9daille-dargent-1024x1024.jpg 1024w, http:\/\/judoclub-tarare.fr\/wp-content\/uploads\/2019\/11\/m\u00e9daille-dargent-150x150.jpg 150w, http:\/\/judoclub-tarare.fr\/wp-content\/uploads\/2019\/11\/m\u00e9daille-dargent-300x300.jpg 300w, http:\/\/judoclub-tarare.fr\/wp-content\/uploads\/2019\/11\/m\u00e9daille-dargent-768x768.jpg 768w, http:\/\/judoclub-tarare.fr\/wp-content\/uploads\/2019\/11\/m\u00e9daille-dargent-100x100.jpg 100w, http:\/\/judoclub-tarare.fr\/wp-content\/uploads\/2019\/11\/m\u00e9daille-dargent.jpg 1300w\" sizes=\"(max-width: 30px) 100vw, 30px\" \/>remportent la m\u00e9daille d\u2019argent tandis que <strong>Taymiya Elkhaouace<\/strong> <img decoding=\"async\" loading=\"lazy\" class=\"alignnone wp-image-1987\" src=\"http:\/\/judoclub-tarare.fr\/wp-content\/uploads\/2019\/11\/m\u00e9daille-isol\u00e9-bronze-dessin_csp1895644.jpg\" alt=\"\" width=\"22\" height=\"28\" srcset=\"http:\/\/judoclub-tarare.fr\/wp-content\/uploads\/2019\/11\/m\u00e9daille-isol\u00e9-bronze-dessin_csp1895644.jpg 375w, http:\/\/judoclub-tarare.fr\/wp-content\/uploads\/2019\/11\/m\u00e9daille-isol\u00e9-bronze-dessin_csp1895644-239x300.jpg 239w\" sizes=\"(max-width: 22px) 100vw, 22px\" \/>monte quant \u00e0 elle sur la troisi\u00e8me marche du podium.<\/p><p>Bravo \u00e0 toutes et tous.<\/p><p>Prochaine comp\u00e9tition pour ces 2 cat\u00e9gories\u00a0: le samedi 21 d\u00e9cembre \u00e0 Charlieu.<\/p>\t\t\t\t\t<\/div>\n\t\t\t\t\t\t<\/div>\n\t\t\t\t<\/div>\n\t\t\t\t\t\t<\/div>\n\t\t\t\t\t<\/div>\n\t\t<\/div>\n\t\t\t\t\t\t\t\t<\/div>\n\t\t\t\t\t<\/div>\n\t\t<\/section>\n\t\t\t\t<section class=\"elementor-section elementor-top-section elementor-element elementor-element-4d39d96 elementor-section-boxed elementor-section-height-default elementor-section-height-default\" data-id=\"4d39d96\" data-element_type=\"section\">\n\t\t\t\t\t\t<div class=\"elementor-container elementor-column-gap-default\">\n\t\t\t\t\t\t\t<div class=\"elementor-row\">\n\t\t\t\t\t<div class=\"elementor-column elementor-col-100 elementor-top-column elementor-element elementor-element-9ade45a\" data-id=\"9ade45a\" data-element_type=\"column\">\n\t\t\t<div class=\"elementor-column-wrap elementor-element-populated\">\n\t\t\t\t\t\t\t<div class=\"elementor-widget-wrap\">\n\t\t\t\t\t\t<div class=\"elementor-element elementor-element-878fa28 elementor-widget elementor-widget-image-gallery\" data-id=\"878fa28\" data-element_type=\"widget\" data-widget_type=\"image-gallery.default\">\n\t\t\t\t<div class=\"elementor-widget-container\">\n\t\t\t\t\t<div class=\"elementor-image-gallery\">\n\t\t\t\n\t\t<style type=\"text\/css\">\n\t\t\t#gallery-1 {\n\t\t\t\tmargin: auto;\n\t\t\t}\n\t\t\t#gallery-1 .gallery-item {\n\t\t\t\tfloat: left;\n\t\t\t\tmargin-top: 10px;\n\t\t\t\ttext-align: center;\n\t\t\t\twidth: 25%;\n\t\t\t}\n\t\t\t#gallery-1 img {\n\t\t\t\tborder: 2px solid #cfcfcf;\n\t\t\t}\n\t\t\t#gallery-1 .gallery-caption {\n\t\t\t\tmargin-left: 0;\n\t\t\t}\n\t\t\t\/* see gallery_shortcode() in wp-includes\/media.php *\/\n\t\t<\/style>\n\t\t<div id='gallery-1' class='gallery galleryid-1983 gallery-columns-4 gallery-size-thumbnail'><dl class='gallery-item'>\n\t\t\t<dt class='gallery-icon portrait'>\n\t\t\t\t<a data-elementor-open-lightbox=\"yes\" data-elementor-lightbox-slideshow=\"878fa28\" data-elementor-lightbox-title=\"IMG-20191116-WA0005\" href='http:\/\/judoclub-tarare.fr\/wp-content\/uploads\/2019\/11\/IMG-20191116-WA0005.jpg'><img width=\"150\" height=\"150\" src=\"http:\/\/judoclub-tarare.fr\/wp-content\/uploads\/2019\/11\/IMG-20191116-WA0005-150x150.jpg\" class=\"attachment-thumbnail size-thumbnail\" alt=\"\" decoding=\"async\" loading=\"lazy\" srcset=\"http:\/\/judoclub-tarare.fr\/wp-content\/uploads\/2019\/11\/IMG-20191116-WA0005-150x150.jpg 150w, http:\/\/judoclub-tarare.fr\/wp-content\/uploads\/2019\/11\/IMG-20191116-WA0005-1200x1200.jpg 1200w, http:\/\/judoclub-tarare.fr\/wp-content\/uploads\/2019\/11\/IMG-20191116-WA0005-100x100.jpg 100w\" sizes=\"(max-width: 150px) 100vw, 150px\" \/><\/a>\n\t\t\t<\/dt><\/dl><dl class='gallery-item'>\n\t\t\t<dt class='gallery-icon portrait'>\n\t\t\t\t<a data-elementor-open-lightbox=\"yes\" data-elementor-lightbox-slideshow=\"878fa28\" data-elementor-lightbox-title=\"IMG-20191116-WA0006\" href='http:\/\/judoclub-tarare.fr\/wp-content\/uploads\/2019\/11\/IMG-20191116-WA0006.jpg'><img width=\"150\" height=\"150\" src=\"http:\/\/judoclub-tarare.fr\/wp-content\/uploads\/2019\/11\/IMG-20191116-WA0006-150x150.jpg\" class=\"attachment-thumbnail size-thumbnail\" alt=\"\" decoding=\"async\" loading=\"lazy\" srcset=\"http:\/\/judoclub-tarare.fr\/wp-content\/uploads\/2019\/11\/IMG-20191116-WA0006-150x150.jpg 150w, http:\/\/judoclub-tarare.fr\/wp-content\/uploads\/2019\/11\/IMG-20191116-WA0006-1200x1200.jpg 1200w, http:\/\/judoclub-tarare.fr\/wp-content\/uploads\/2019\/11\/IMG-20191116-WA0006-100x100.jpg 100w\" sizes=\"(max-width: 150px) 100vw, 150px\" \/><\/a>\n\t\t\t<\/dt><\/dl><dl class='gallery-item'>\n\t\t\t<dt class='gallery-icon portrait'>\n\t\t\t\t<a data-elementor-open-lightbox=\"yes\" data-elementor-lightbox-slideshow=\"878fa28\" data-elementor-lightbox-title=\"IMG-20191116-WA0007\" href='http:\/\/judoclub-tarare.fr\/wp-content\/uploads\/2019\/11\/IMG-20191116-WA0007.jpg'><img width=\"150\" height=\"150\" src=\"http:\/\/judoclub-tarare.fr\/wp-content\/uploads\/2019\/11\/IMG-20191116-WA0007-150x150.jpg\" class=\"attachment-thumbnail size-thumbnail\" alt=\"\" decoding=\"async\" loading=\"lazy\" srcset=\"http:\/\/judoclub-tarare.fr\/wp-content\/uploads\/2019\/11\/IMG-20191116-WA0007-150x150.jpg 150w, http:\/\/judoclub-tarare.fr\/wp-content\/uploads\/2019\/11\/IMG-20191116-WA0007-1200x1200.jpg 1200w, http:\/\/judoclub-tarare.fr\/wp-content\/uploads\/2019\/11\/IMG-20191116-WA0007-100x100.jpg 100w\" sizes=\"(max-width: 150px) 100vw, 150px\" \/><\/a>\n\t\t\t<\/dt><\/dl><dl class='gallery-item'>\n\t\t\t<dt class='gallery-icon portrait'>\n\t\t\t\t<a data-elementor-open-lightbox=\"yes\" data-elementor-lightbox-slideshow=\"878fa28\" data-elementor-lightbox-title=\"IMG-20191116-WA0011\" href='http:\/\/judoclub-tarare.fr\/wp-content\/uploads\/2019\/11\/IMG-20191116-WA0011.jpg'><img width=\"150\" height=\"150\" src=\"http:\/\/judoclub-tarare.fr\/wp-content\/uploads\/2019\/11\/IMG-20191116-WA0011-150x150.jpg\" class=\"attachment-thumbnail size-thumbnail\" alt=\"\" decoding=\"async\" loading=\"lazy\" srcset=\"http:\/\/judoclub-tarare.fr\/wp-content\/uploads\/2019\/11\/IMG-20191116-WA0011-150x150.jpg 150w, http:\/\/judoclub-tarare.fr\/wp-content\/uploads\/2019\/11\/IMG-20191116-WA0011-1200x1200.jpg 1200w, http:\/\/judoclub-tarare.fr\/wp-content\/uploads\/2019\/11\/IMG-20191116-WA0011-100x100.jpg 100w\" sizes=\"(max-width: 150px) 100vw, 150px\" \/><\/a>\n\t\t\t<\/dt><\/dl><br style=\"clear: both\" \/><dl class='gallery-item'>\n\t\t\t<dt class='gallery-icon portrait'>\n\t\t\t\t<a data-elementor-open-lightbox=\"yes\" data-elementor-lightbox-slideshow=\"878fa28\" data-elementor-lightbox-title=\"IMG-20191116-WA0003\" href='http:\/\/judoclub-tarare.fr\/wp-content\/uploads\/2019\/11\/IMG-20191116-WA0003.jpg'><img width=\"150\" height=\"150\" src=\"http:\/\/judoclub-tarare.fr\/wp-content\/uploads\/2019\/11\/IMG-20191116-WA0003-150x150.jpg\" class=\"attachment-thumbnail size-thumbnail\" alt=\"\" decoding=\"async\" loading=\"lazy\" srcset=\"http:\/\/judoclub-tarare.fr\/wp-content\/uploads\/2019\/11\/IMG-20191116-WA0003-150x150.jpg 150w, http:\/\/judoclub-tarare.fr\/wp-content\/uploads\/2019\/11\/IMG-20191116-WA0003-1200x1200.jpg 1200w, http:\/\/judoclub-tarare.fr\/wp-content\/uploads\/2019\/11\/IMG-20191116-WA0003-100x100.jpg 100w\" sizes=\"(max-width: 150px) 100vw, 150px\" \/><\/a>\n\t\t\t<\/dt><\/dl><dl class='gallery-item'>\n\t\t\t<dt class='gallery-icon portrait'>\n\t\t\t\t<a data-elementor-open-lightbox=\"yes\" data-elementor-lightbox-slideshow=\"878fa28\" data-elementor-lightbox-title=\"IMG-20191116-WA0004\" href='http:\/\/judoclub-tarare.fr\/wp-content\/uploads\/2019\/11\/IMG-20191116-WA0004.jpg'><img width=\"150\" height=\"150\" src=\"http:\/\/judoclub-tarare.fr\/wp-content\/uploads\/2019\/11\/IMG-20191116-WA0004-150x150.jpg\" class=\"attachment-thumbnail size-thumbnail\" alt=\"\" decoding=\"async\" loading=\"lazy\" srcset=\"http:\/\/judoclub-tarare.fr\/wp-content\/uploads\/2019\/11\/IMG-20191116-WA0004-150x150.jpg 150w, http:\/\/judoclub-tarare.fr\/wp-content\/uploads\/2019\/11\/IMG-20191116-WA0004-1200x1200.jpg 1200w, http:\/\/judoclub-tarare.fr\/wp-content\/uploads\/2019\/11\/IMG-20191116-WA0004-100x100.jpg 100w\" sizes=\"(max-width: 150px) 100vw, 150px\" \/><\/a>\n\t\t\t<\/dt><\/dl><dl class='gallery-item'>\n\t\t\t<dt class='gallery-icon portrait'>\n\t\t\t\t<a data-elementor-open-lightbox=\"yes\" data-elementor-lightbox-slideshow=\"878fa28\" data-elementor-lightbox-title=\"IMG-20191116-WA0009\" href='http:\/\/judoclub-tarare.fr\/wp-content\/uploads\/2019\/11\/IMG-20191116-WA0009.jpg'><img width=\"150\" height=\"150\" src=\"http:\/\/judoclub-tarare.fr\/wp-content\/uploads\/2019\/11\/IMG-20191116-WA0009-150x150.jpg\" class=\"attachment-thumbnail size-thumbnail\" alt=\"\" decoding=\"async\" loading=\"lazy\" srcset=\"http:\/\/judoclub-tarare.fr\/wp-content\/uploads\/2019\/11\/IMG-20191116-WA0009-150x150.jpg 150w, http:\/\/judoclub-tarare.fr\/wp-content\/uploads\/2019\/11\/IMG-20191116-WA0009-1200x1200.jpg 1200w, http:\/\/judoclub-tarare.fr\/wp-content\/uploads\/2019\/11\/IMG-20191116-WA0009-100x100.jpg 100w\" sizes=\"(max-width: 150px) 100vw, 150px\" \/><\/a>\n\t\t\t<\/dt><\/dl><dl class='gallery-item'>\n\t\t\t<dt class='gallery-icon portrait'>\n\t\t\t\t<a data-elementor-open-lightbox=\"yes\" data-elementor-lightbox-slideshow=\"878fa28\" data-elementor-lightbox-title=\"IMG-20191116-WA0008\" href='http:\/\/judoclub-tarare.fr\/wp-content\/uploads\/2019\/11\/IMG-20191116-WA0008.jpg'><img width=\"150\" height=\"150\" src=\"http:\/\/judoclub-tarare.fr\/wp-content\/uploads\/2019\/11\/IMG-20191116-WA0008-150x150.jpg\" class=\"attachment-thumbnail size-thumbnail\" alt=\"\" decoding=\"async\" loading=\"lazy\" srcset=\"http:\/\/judoclub-tarare.fr\/wp-content\/uploads\/2019\/11\/IMG-20191116-WA0008-150x150.jpg 150w, http:\/\/judoclub-tarare.fr\/wp-content\/uploads\/2019\/11\/IMG-20191116-WA0008-1200x1200.jpg 1200w, http:\/\/judoclub-tarare.fr\/wp-content\/uploads\/2019\/11\/IMG-20191116-WA0008-100x100.jpg 100w\" sizes=\"(max-width: 150px) 100vw, 150px\" \/><\/a>\n\t\t\t<\/dt><\/dl><br style=\"clear: both\" \/><dl class='gallery-item'>\n\t\t\t<dt class='gallery-icon portrait'>\n\t\t\t\t<a data-elementor-open-lightbox=\"yes\" data-elementor-lightbox-slideshow=\"878fa28\" data-elementor-lightbox-title=\"IMG-20191116-WA0010\" href='http:\/\/judoclub-tarare.fr\/wp-content\/uploads\/2019\/11\/IMG-20191116-WA0010.jpg'><img width=\"150\" height=\"150\" src=\"http:\/\/judoclub-tarare.fr\/wp-content\/uploads\/2019\/11\/IMG-20191116-WA0010-150x150.jpg\" class=\"attachment-thumbnail size-thumbnail\" alt=\"\" decoding=\"async\" loading=\"lazy\" srcset=\"http:\/\/judoclub-tarare.fr\/wp-content\/uploads\/2019\/11\/IMG-20191116-WA0010-150x150.jpg 150w, http:\/\/judoclub-tarare.fr\/wp-content\/uploads\/2019\/11\/IMG-20191116-WA0010-1200x1200.jpg 1200w, http:\/\/judoclub-tarare.fr\/wp-content\/uploads\/2019\/11\/IMG-20191116-WA0010-100x100.jpg 100w\" sizes=\"(max-width: 150px) 100vw, 150px\" \/><\/a>\n\t\t\t<\/dt><\/dl>\n\t\t\t<br style='clear: both' \/>\n\t\t<\/div>\n\t\t<\/div>\n\t\t\t\t<\/div>\n\t\t\t\t<\/div>\n\t\t\t\t\t\t<\/div>\n\t\t\t\t\t<\/div>\n\t\t<\/div>\n\t\t\t\t\t\t\t\t<\/div>\n\t\t\t\t\t<\/div>\n\t\t<\/section>\n\t\t\t\t\t\t<\/div>\n\t\t\t\t\t\t<\/div>\n\t\t\t\t\t<\/div>\n\t\t","protected":false},"excerpt":{"rendered":"<p>Ce samedi \u00e0 Riorges -42- se d\u00e9roulait \u00e0 l\u2019occasion de l\u2019Inter-Club du Dojo Riorgeois&nbsp; la premi\u00e8re comp\u00e9tition de la saison pour nos mini-poussins et poussins. Mini-Poussin(e)s&nbsp;: Nino Cherblanc Girau et [&hellip;]<\/p>\n","protected":false},"author":4,"featured_media":1999,"comment_status":"closed","ping_status":"open","sticky":false,"template":"","format":"standard","meta":{"_mi_skip_tracking":false,"_exactmetrics_sitenote_active":false,"_exactmetrics_sitenote_note":"","_exactmetrics_sitenote_category":0},"categories":[1],"tags":[],"_links":{"self":[{"href":"http:\/\/judoclub-tarare.fr\/index.php\/wp-json\/wp\/v2\/posts\/1983"}],"collection":[{"href":"http:\/\/judoclub-tarare.fr\/index.php\/wp-json\/wp\/v2\/posts"}],"about":[{"href":"http:\/\/judoclub-tarare.fr\/index.php\/wp-json\/wp\/v2\/types\/post"}],"author":[{"embeddable":true,"href":"http:\/\/judoclub-tarare.fr\/index.php\/wp-json\/wp\/v2\/users\/4"}],"replies":[{"embeddable":true,"href":"http:\/\/judoclub-tarare.fr\/index.php\/wp-json\/wp\/v2\/comments?post=1983"}],"version-history":[{"count":3,"href":"http:\/\/judoclub-tarare.fr\/index.php\/wp-json\/wp\/v2\/posts\/1983\/revisions"}],"predecessor-version":[{"id":2000,"href":"http:\/\/judoclub-tarare.fr\/index.php\/wp-json\/wp\/v2\/posts\/1983\/revisions\/2000"}],"wp:featuredmedia":[{"embeddable":true,"href":"http:\/\/judoclub-tarare.fr\/index.php\/wp-json\/wp\/v2\/media\/1999"}],"wp:attachment":[{"href":"http:\/\/judoclub-tarare.fr\/index.php\/wp-json\/wp\/v2\/media?parent=1983"}],"wp:term":[{"taxonomy":"category","embeddable":true,"href":"http:\/\/judoclub-tarare.fr\/index.php\/wp-json\/wp\/v2\/categories?post=1983"},{"taxonomy":"post_tag","embeddable":true,"href":"http:\/\/judoclub-tarare.fr\/index.php\/wp-json\/wp\/v2\/tags?post=1983"}],"curies":[{"name":"wp","href":"https:\/\/api.w.org\/{rel}","templated":true}]}}