{"id":1441,"date":"2019-05-18T21:02:34","date_gmt":"2019-05-18T20:02:34","guid":{"rendered":"http:\/\/judoclub-tarare.fr\/?p=1441"},"modified":"2019-05-21T21:08:02","modified_gmt":"2019-05-21T20:08:02","slug":"championnat-aura-cadettes-2eme-div","status":"publish","type":"post","link":"http:\/\/judoclub-tarare.fr\/index.php\/2019\/05\/18\/championnat-aura-cadettes-2eme-div\/","title":{"rendered":"CHAMPIONNAT AURA CADET(TE)S 2EME DIV."},"content":{"rendered":"\t\t<div data-elementor-type=\"wp-post\" data-elementor-id=\"1441\" class=\"elementor elementor-1441 elementor-bc-flex-widget\" data-elementor-settings=\"[]\">\n\t\t\t\t\t\t<div class=\"elementor-inner\">\n\t\t\t\t\t\t\t<div class=\"elementor-section-wrap\">\n\t\t\t\t\t\t\t<section class=\"elementor-section elementor-top-section elementor-element elementor-element-006c4c2 elementor-section-boxed elementor-section-height-default elementor-section-height-default\" data-id=\"006c4c2\" data-element_type=\"section\">\n\t\t\t\t\t\t<div class=\"elementor-container elementor-column-gap-default\">\n\t\t\t\t\t\t\t<div class=\"elementor-row\">\n\t\t\t\t\t<div class=\"elementor-column elementor-col-100 elementor-top-column elementor-element elementor-element-cf0cd47\" data-id=\"cf0cd47\" data-element_type=\"column\">\n\t\t\t<div class=\"elementor-column-wrap elementor-element-populated\">\n\t\t\t\t\t\t\t<div class=\"elementor-widget-wrap\">\n\t\t\t\t\t\t<div class=\"elementor-element elementor-element-3595280 elementor-widget elementor-widget-text-editor\" data-id=\"3595280\" data-element_type=\"widget\" data-widget_type=\"text-editor.default\">\n\t\t\t\t<div class=\"elementor-widget-container\">\n\t\t\t\t\t\t\t\t<div class=\"elementor-text-editor elementor-clearfix\">\n\t\t\t\t<p>Cassidy Goubet participait ce samedi au Championnat AURA Cadettes 2\u00e8me<br \/>div. \u00e0 Rumilly (74).<\/p><p>Elle r\u00e9alise une belle comp\u00e9tition et finit 4\u00e8me de sa poule.(-48kg).<\/p><p>Apr\u00e8s avoir gagn\u00e9 son premier combat et perdu le deuxi\u00e8me, Cassidy gagne les deux suivants par deux superbes mouvements. Elle \u00e9choue finalement en place de 3 par une prise qui vaut un waza-ari \u00e0 son adversaire \u00e0 15 secondes de la fin. Frustrant car elle dominait largement son sujet.<\/p><p>Elle se qualifie n\u00e9anmoins pour le championnat de France Cadettes 2\u00e8me Div. qui se d\u00e9roulera le samedi 1er juin \u00e0 Ceyrat (63).<\/p><p>F\u00e9licitations!!!<\/p><p>\u00a0<\/p>\t\t\t\t\t<\/div>\n\t\t\t\t\t\t<\/div>\n\t\t\t\t<\/div>\n\t\t\t\t\t\t<\/div>\n\t\t\t\t\t<\/div>\n\t\t<\/div>\n\t\t\t\t\t\t\t\t<\/div>\n\t\t\t\t\t<\/div>\n\t\t<\/section>\n\t\t\t\t<section class=\"elementor-section elementor-top-section elementor-element elementor-element-88201d0 elementor-section-boxed elementor-section-height-default elementor-section-height-default\" data-id=\"88201d0\" data-element_type=\"section\">\n\t\t\t\t\t\t<div class=\"elementor-container elementor-column-gap-default\">\n\t\t\t\t\t\t\t<div class=\"elementor-row\">\n\t\t\t\t\t<div class=\"elementor-column elementor-col-100 elementor-top-column elementor-element elementor-element-473ddd2\" data-id=\"473ddd2\" data-element_type=\"column\">\n\t\t\t<div class=\"elementor-column-wrap elementor-element-populated\">\n\t\t\t\t\t\t\t<div class=\"elementor-widget-wrap\">\n\t\t\t\t\t\t<div class=\"elementor-element elementor-element-494465d elementor-widget elementor-widget-image-gallery\" data-id=\"494465d\" data-element_type=\"widget\" data-widget_type=\"image-gallery.default\">\n\t\t\t\t<div class=\"elementor-widget-container\">\n\t\t\t\t\t<div class=\"elementor-image-gallery\">\n\t\t\t\n\t\t<style type=\"text\/css\">\n\t\t\t#gallery-1 {\n\t\t\t\tmargin: auto;\n\t\t\t}\n\t\t\t#gallery-1 .gallery-item {\n\t\t\t\tfloat: left;\n\t\t\t\tmargin-top: 10px;\n\t\t\t\ttext-align: center;\n\t\t\t\twidth: 33%;\n\t\t\t}\n\t\t\t#gallery-1 img {\n\t\t\t\tborder: 2px solid #cfcfcf;\n\t\t\t}\n\t\t\t#gallery-1 .gallery-caption {\n\t\t\t\tmargin-left: 0;\n\t\t\t}\n\t\t\t\/* see gallery_shortcode() in wp-includes\/media.php *\/\n\t\t<\/style>\n\t\t<div id='gallery-1' class='gallery galleryid-1441 gallery-columns-3 gallery-size-medium'><dl class='gallery-item'>\n\t\t\t<dt class='gallery-icon landscape'>\n\t\t\t\t<a data-elementor-open-lightbox=\"yes\" data-elementor-lightbox-slideshow=\"494465d\" data-elementor-lightbox-title=\"DSC_0149\" href='http:\/\/judoclub-tarare.fr\/wp-content\/uploads\/2019\/05\/DSC_0149.jpg'><img width=\"300\" height=\"199\" src=\"http:\/\/judoclub-tarare.fr\/wp-content\/uploads\/2019\/05\/DSC_0149-300x199.jpg\" class=\"attachment-medium size-medium\" alt=\"\" decoding=\"async\" loading=\"lazy\" srcset=\"http:\/\/judoclub-tarare.fr\/wp-content\/uploads\/2019\/05\/DSC_0149-300x199.jpg 300w, http:\/\/judoclub-tarare.fr\/wp-content\/uploads\/2019\/05\/DSC_0149-768x511.jpg 768w, http:\/\/judoclub-tarare.fr\/wp-content\/uploads\/2019\/05\/DSC_0149-1024x681.jpg 1024w, http:\/\/judoclub-tarare.fr\/wp-content\/uploads\/2019\/05\/DSC_0149.jpg 1504w\" sizes=\"(max-width: 300px) 100vw, 300px\" \/><\/a>\n\t\t\t<\/dt><\/dl><dl class='gallery-item'>\n\t\t\t<dt class='gallery-icon landscape'>\n\t\t\t\t<a data-elementor-open-lightbox=\"yes\" data-elementor-lightbox-slideshow=\"494465d\" data-elementor-lightbox-title=\"DSC_0152\" href='http:\/\/judoclub-tarare.fr\/wp-content\/uploads\/2019\/05\/DSC_0152.jpg'><img width=\"300\" height=\"264\" src=\"http:\/\/judoclub-tarare.fr\/wp-content\/uploads\/2019\/05\/DSC_0152-300x264.jpg\" class=\"attachment-medium size-medium\" alt=\"\" decoding=\"async\" loading=\"lazy\" srcset=\"http:\/\/judoclub-tarare.fr\/wp-content\/uploads\/2019\/05\/DSC_0152-300x264.jpg 300w, http:\/\/judoclub-tarare.fr\/wp-content\/uploads\/2019\/05\/DSC_0152-768x676.jpg 768w, http:\/\/judoclub-tarare.fr\/wp-content\/uploads\/2019\/05\/DSC_0152.jpg 928w\" sizes=\"(max-width: 300px) 100vw, 300px\" \/><\/a>\n\t\t\t<\/dt><\/dl><dl class='gallery-item'>\n\t\t\t<dt class='gallery-icon portrait'>\n\t\t\t\t<a data-elementor-open-lightbox=\"yes\" data-elementor-lightbox-slideshow=\"494465d\" data-elementor-lightbox-title=\"DSC_0159\" href='http:\/\/judoclub-tarare.fr\/wp-content\/uploads\/2019\/05\/DSC_0159.jpg'><img width=\"276\" height=\"300\" src=\"http:\/\/judoclub-tarare.fr\/wp-content\/uploads\/2019\/05\/DSC_0159-276x300.jpg\" class=\"attachment-medium size-medium\" alt=\"\" decoding=\"async\" loading=\"lazy\" srcset=\"http:\/\/judoclub-tarare.fr\/wp-content\/uploads\/2019\/05\/DSC_0159-276x300.jpg 276w, http:\/\/judoclub-tarare.fr\/wp-content\/uploads\/2019\/05\/DSC_0159-768x835.jpg 768w, http:\/\/judoclub-tarare.fr\/wp-content\/uploads\/2019\/05\/DSC_0159.jpg 791w\" sizes=\"(max-width: 276px) 100vw, 276px\" \/><\/a>\n\t\t\t<\/dt><\/dl><br style=\"clear: both\" \/>\n\t\t<\/div>\n\t\t<\/div>\n\t\t\t\t<\/div>\n\t\t\t\t<\/div>\n\t\t\t\t\t\t<\/div>\n\t\t\t\t\t<\/div>\n\t\t<\/div>\n\t\t\t\t\t\t\t\t<\/div>\n\t\t\t\t\t<\/div>\n\t\t<\/section>\n\t\t\t\t\t\t<\/div>\n\t\t\t\t\t\t<\/div>\n\t\t\t\t\t<\/div>\n\t\t","protected":false},"excerpt":{"rendered":"<p>Cassidy Goubet participait ce samedi au Championnat AURA Cadettes 2\u00e8mediv. \u00e0 Rumilly (74). Elle r\u00e9alise une belle comp\u00e9tition et finit 4\u00e8me de sa poule.(-48kg). Apr\u00e8s avoir gagn\u00e9 son premier combat [&hellip;]<\/p>\n","protected":false},"author":4,"featured_media":1445,"comment_status":"closed","ping_status":"open","sticky":false,"template":"","format":"standard","meta":{"_mi_skip_tracking":false,"_exactmetrics_sitenote_active":false,"_exactmetrics_sitenote_note":"","_exactmetrics_sitenote_category":0},"categories":[1],"tags":[],"_links":{"self":[{"href":"http:\/\/judoclub-tarare.fr\/index.php\/wp-json\/wp\/v2\/posts\/1441"}],"collection":[{"href":"http:\/\/judoclub-tarare.fr\/index.php\/wp-json\/wp\/v2\/posts"}],"about":[{"href":"http:\/\/judoclub-tarare.fr\/index.php\/wp-json\/wp\/v2\/types\/post"}],"author":[{"embeddable":true,"href":"http:\/\/judoclub-tarare.fr\/index.php\/wp-json\/wp\/v2\/users\/4"}],"replies":[{"embeddable":true,"href":"http:\/\/judoclub-tarare.fr\/index.php\/wp-json\/wp\/v2\/comments?post=1441"}],"version-history":[{"count":5,"href":"http:\/\/judoclub-tarare.fr\/index.php\/wp-json\/wp\/v2\/posts\/1441\/revisions"}],"predecessor-version":[{"id":1450,"href":"http:\/\/judoclub-tarare.fr\/index.php\/wp-json\/wp\/v2\/posts\/1441\/revisions\/1450"}],"wp:featuredmedia":[{"embeddable":true,"href":"http:\/\/judoclub-tarare.fr\/index.php\/wp-json\/wp\/v2\/media\/1445"}],"wp:attachment":[{"href":"http:\/\/judoclub-tarare.fr\/index.php\/wp-json\/wp\/v2\/media?parent=1441"}],"wp:term":[{"taxonomy":"category","embeddable":true,"href":"http:\/\/judoclub-tarare.fr\/index.php\/wp-json\/wp\/v2\/categories?post=1441"},{"taxonomy":"post_tag","embeddable":true,"href":"http:\/\/judoclub-tarare.fr\/index.php\/wp-json\/wp\/v2\/tags?post=1441"}],"curies":[{"name":"wp","href":"https:\/\/api.w.org\/{rel}","templated":true}]}}