{"id":1119,"date":"2019-03-10T09:15:04","date_gmt":"2019-03-10T08:15:04","guid":{"rendered":"http:\/\/judoclub-tarare.fr\/?p=1119"},"modified":"2019-03-12T09:35:10","modified_gmt":"2019-03-12T08:35:10","slug":"coupe-aura-minimes-m-f-a-ceyrat-63","status":"publish","type":"post","link":"http:\/\/judoclub-tarare.fr\/index.php\/2019\/03\/10\/coupe-aura-minimes-m-f-a-ceyrat-63\/","title":{"rendered":"COUPE AURA MINIMES M\/F. A CEYRAT -63-"},"content":{"rendered":"\t\t<div data-elementor-type=\"wp-post\" data-elementor-id=\"1119\" class=\"elementor elementor-1119 elementor-bc-flex-widget\" data-elementor-settings=\"[]\">\n\t\t\t\t\t\t<div class=\"elementor-inner\">\n\t\t\t\t\t\t\t<div class=\"elementor-section-wrap\">\n\t\t\t\t\t\t\t<section class=\"elementor-section elementor-top-section elementor-element elementor-element-a4b4501 elementor-section-boxed elementor-section-height-default elementor-section-height-default\" data-id=\"a4b4501\" data-element_type=\"section\">\n\t\t\t\t\t\t<div class=\"elementor-container elementor-column-gap-default\">\n\t\t\t\t\t\t\t<div class=\"elementor-row\">\n\t\t\t\t\t<div class=\"elementor-column elementor-col-100 elementor-top-column elementor-element elementor-element-daae356\" data-id=\"daae356\" data-element_type=\"column\">\n\t\t\t<div class=\"elementor-column-wrap elementor-element-populated\">\n\t\t\t\t\t\t\t<div class=\"elementor-widget-wrap\">\n\t\t\t\t\t\t<div class=\"elementor-element elementor-element-41f9cb3 elementor-widget elementor-widget-text-editor\" data-id=\"41f9cb3\" data-element_type=\"widget\" data-widget_type=\"text-editor.default\">\n\t\t\t\t<div class=\"elementor-widget-container\">\n\t\t\t\t\t\t\t\t<div class=\"elementor-text-editor elementor-clearfix\">\n\t\t\t\t<div class=\"adn ads\" data-message-id=\"#msg-a:r-760427254503612364\" data-legacy-message-id=\"16970ebce94ca289\"><div class=\"gs\"><div class=\"\"><div id=\":3hj\" class=\"ii gt\"><div id=\":2bj\" class=\"a3s aXjCH \"><div dir=\"auto\">Ce dimanche se d\u00e9roulaient les championnats minimes Auvergne Rh\u00f4ne Alpes.<\/div><div dir=\"auto\">11 d\u00e9partements \u00e9taient repr\u00e9sent\u00e9s avec environ 45 combattants par cat\u00e9gorie.<\/div><div dir=\"auto\">\u00a0<\/div><div dir=\"auto\">En moins de 60 kg Quentin Sellal r\u00e9ussit une magnifique performance en se qualifiant pour le championnat de France en remportant une tr\u00e8s belle m\u00e9daille de bronze.<\/div><div dir=\"auto\">Apr\u00e8s une bonne entame de comp\u00e9tition il s&rsquo;incline au deuxi\u00e8me tour contre un adversaire qu&rsquo;il dominait pourtant. Quentin a su se remobiliser et remporte ses 4 combats suivants avec autorit\u00e9 pour d\u00e9crocher le bronze!!!!<\/div><div dir=\"auto\">En moins de 46kg, Kelvin Ray sous les couleurs de l&rsquo;AJ Loire remporte le titre de champion Auvergne Rh\u00f4ne Alpes apr\u00e8s 5 belles victoires&#8230; Il d\u00e9croche donc aussi sa qualification qui cl\u00f4ture le week-end en beaut\u00e9 apr\u00e8s la qualification de son cousin Th\u00e9o Edieux la veille en cadet!!!<\/div><div dir=\"auto\">\u00a0<\/div><div dir=\"auto\">Bravo \u00e0 tous les trois\u00a0 et direction Paris!<\/div><div dir=\"auto\">Greg<\/div><div class=\"yj6qo\">\u00a0<\/div><div class=\"adL\">\u00a0<\/div><\/div><\/div><div class=\"hi\">\u00a0<\/div><\/div><\/div><div class=\"ajx\">\u00a0<\/div><\/div><div class=\"gA gt acV\"><div class=\"gB xu\"><div class=\"ip iq\"><div id=\":3hm\"><table class=\"cf wS\" role=\"presentation\"><tbody><tr><td class=\"amq\">\u00a0<\/td><td class=\"amr\"><div class=\"nr wR\"><div class=\"amn\">\u00a0<\/div><\/div><\/td><\/tr><\/tbody><\/table><\/div><\/div><\/div><\/div>\t\t\t\t\t<\/div>\n\t\t\t\t\t\t<\/div>\n\t\t\t\t<\/div>\n\t\t\t\t\t\t<\/div>\n\t\t\t\t\t<\/div>\n\t\t<\/div>\n\t\t\t\t\t\t\t\t<\/div>\n\t\t\t\t\t<\/div>\n\t\t<\/section>\n\t\t\t\t<section class=\"elementor-section elementor-top-section elementor-element elementor-element-f0c881f elementor-section-boxed elementor-section-height-default elementor-section-height-default\" data-id=\"f0c881f\" data-element_type=\"section\">\n\t\t\t\t\t\t<div class=\"elementor-container elementor-column-gap-default\">\n\t\t\t\t\t\t\t<div class=\"elementor-row\">\n\t\t\t\t\t<div class=\"elementor-column elementor-col-100 elementor-top-column elementor-element elementor-element-81dd0ae\" data-id=\"81dd0ae\" data-element_type=\"column\">\n\t\t\t<div class=\"elementor-column-wrap elementor-element-populated\">\n\t\t\t\t\t\t\t<div class=\"elementor-widget-wrap\">\n\t\t\t\t\t\t<div class=\"elementor-element elementor-element-8dd6dfc elementor-widget elementor-widget-image-gallery\" data-id=\"8dd6dfc\" data-element_type=\"widget\" data-widget_type=\"image-gallery.default\">\n\t\t\t\t<div class=\"elementor-widget-container\">\n\t\t\t\t\t<div class=\"elementor-image-gallery\">\n\t\t\t\n\t\t<style type=\"text\/css\">\n\t\t\t#gallery-1 {\n\t\t\t\tmargin: auto;\n\t\t\t}\n\t\t\t#gallery-1 .gallery-item {\n\t\t\t\tfloat: left;\n\t\t\t\tmargin-top: 10px;\n\t\t\t\ttext-align: center;\n\t\t\t\twidth: 25%;\n\t\t\t}\n\t\t\t#gallery-1 img {\n\t\t\t\tborder: 2px solid #cfcfcf;\n\t\t\t}\n\t\t\t#gallery-1 .gallery-caption {\n\t\t\t\tmargin-left: 0;\n\t\t\t}\n\t\t\t\/* see gallery_shortcode() in wp-includes\/media.php *\/\n\t\t<\/style>\n\t\t<div id='gallery-1' class='gallery galleryid-1119 gallery-columns-4 gallery-size-thumbnail'><dl class='gallery-item'>\n\t\t\t<dt class='gallery-icon landscape'>\n\t\t\t\t<a data-elementor-open-lightbox=\"yes\" data-elementor-lightbox-slideshow=\"8dd6dfc\" data-elementor-lightbox-title=\"IMG_56611\" href='http:\/\/judoclub-tarare.fr\/wp-content\/uploads\/2019\/03\/IMG_56611.jpg'><img width=\"150\" height=\"150\" src=\"http:\/\/judoclub-tarare.fr\/wp-content\/uploads\/2019\/03\/IMG_56611-150x150.jpg\" class=\"attachment-thumbnail size-thumbnail\" alt=\"\" decoding=\"async\" loading=\"lazy\" \/><\/a>\n\t\t\t<\/dt><\/dl><dl class='gallery-item'>\n\t\t\t<dt class='gallery-icon landscape'>\n\t\t\t\t<a data-elementor-open-lightbox=\"yes\" data-elementor-lightbox-slideshow=\"8dd6dfc\" data-elementor-lightbox-title=\"IMG_56661\" href='http:\/\/judoclub-tarare.fr\/wp-content\/uploads\/2019\/03\/IMG_56661.jpg'><img width=\"150\" height=\"150\" src=\"http:\/\/judoclub-tarare.fr\/wp-content\/uploads\/2019\/03\/IMG_56661-150x150.jpg\" class=\"attachment-thumbnail size-thumbnail\" alt=\"\" decoding=\"async\" loading=\"lazy\" \/><\/a>\n\t\t\t<\/dt><\/dl><dl class='gallery-item'>\n\t\t\t<dt class='gallery-icon landscape'>\n\t\t\t\t<a data-elementor-open-lightbox=\"yes\" data-elementor-lightbox-slideshow=\"8dd6dfc\" data-elementor-lightbox-title=\"IMG_68351\" href='http:\/\/judoclub-tarare.fr\/wp-content\/uploads\/2019\/03\/IMG_68351.jpg'><img width=\"150\" height=\"150\" src=\"http:\/\/judoclub-tarare.fr\/wp-content\/uploads\/2019\/03\/IMG_68351-150x150.jpg\" class=\"attachment-thumbnail size-thumbnail\" alt=\"\" decoding=\"async\" loading=\"lazy\" \/><\/a>\n\t\t\t<\/dt><\/dl><dl class='gallery-item'>\n\t\t\t<dt class='gallery-icon landscape'>\n\t\t\t\t<a data-elementor-open-lightbox=\"yes\" data-elementor-lightbox-slideshow=\"8dd6dfc\" data-elementor-lightbox-title=\"IMG_68381\" href='http:\/\/judoclub-tarare.fr\/wp-content\/uploads\/2019\/03\/IMG_68381.jpg'><img width=\"150\" height=\"150\" src=\"http:\/\/judoclub-tarare.fr\/wp-content\/uploads\/2019\/03\/IMG_68381-150x150.jpg\" class=\"attachment-thumbnail size-thumbnail\" alt=\"\" decoding=\"async\" loading=\"lazy\" \/><\/a>\n\t\t\t<\/dt><\/dl><br style=\"clear: both\" \/>\n\t\t<\/div>\n\t\t<\/div>\n\t\t\t\t<\/div>\n\t\t\t\t<\/div>\n\t\t\t\t\t\t<\/div>\n\t\t\t\t\t<\/div>\n\t\t<\/div>\n\t\t\t\t\t\t\t\t<\/div>\n\t\t\t\t\t<\/div>\n\t\t<\/section>\n\t\t\t\t\t\t<\/div>\n\t\t\t\t\t\t<\/div>\n\t\t\t\t\t<\/div>\n\t\t","protected":false},"excerpt":{"rendered":"<p>Ce dimanche se d\u00e9roulaient les championnats minimes Auvergne Rh\u00f4ne Alpes.11 d\u00e9partements \u00e9taient repr\u00e9sent\u00e9s avec environ 45 combattants par cat\u00e9gorie.\u00a0En moins de 60 kg Quentin Sellal r\u00e9ussit une magnifique performance en [&hellip;]<\/p>\n","protected":false},"author":4,"featured_media":1124,"comment_status":"closed","ping_status":"open","sticky":false,"template":"","format":"standard","meta":{"_mi_skip_tracking":false,"_exactmetrics_sitenote_active":false,"_exactmetrics_sitenote_note":"","_exactmetrics_sitenote_category":0},"categories":[1],"tags":[],"_links":{"self":[{"href":"http:\/\/judoclub-tarare.fr\/index.php\/wp-json\/wp\/v2\/posts\/1119"}],"collection":[{"href":"http:\/\/judoclub-tarare.fr\/index.php\/wp-json\/wp\/v2\/posts"}],"about":[{"href":"http:\/\/judoclub-tarare.fr\/index.php\/wp-json\/wp\/v2\/types\/post"}],"author":[{"embeddable":true,"href":"http:\/\/judoclub-tarare.fr\/index.php\/wp-json\/wp\/v2\/users\/4"}],"replies":[{"embeddable":true,"href":"http:\/\/judoclub-tarare.fr\/index.php\/wp-json\/wp\/v2\/comments?post=1119"}],"version-history":[{"count":5,"href":"http:\/\/judoclub-tarare.fr\/index.php\/wp-json\/wp\/v2\/posts\/1119\/revisions"}],"predecessor-version":[{"id":1137,"href":"http:\/\/judoclub-tarare.fr\/index.php\/wp-json\/wp\/v2\/posts\/1119\/revisions\/1137"}],"wp:featuredmedia":[{"embeddable":true,"href":"http:\/\/judoclub-tarare.fr\/index.php\/wp-json\/wp\/v2\/media\/1124"}],"wp:attachment":[{"href":"http:\/\/judoclub-tarare.fr\/index.php\/wp-json\/wp\/v2\/media?parent=1119"}],"wp:term":[{"taxonomy":"category","embeddable":true,"href":"http:\/\/judoclub-tarare.fr\/index.php\/wp-json\/wp\/v2\/categories?post=1119"},{"taxonomy":"post_tag","embeddable":true,"href":"http:\/\/judoclub-tarare.fr\/index.php\/wp-json\/wp\/v2\/tags?post=1119"}],"curies":[{"name":"wp","href":"https:\/\/api.w.org\/{rel}","templated":true}]}}